{"id":58,"date":"2018-03-18T12:00:26","date_gmt":"2018-03-18T12:00:26","guid":{"rendered":"http:\/\/audio-ag.de\/?p=58"},"modified":"2018-03-11T12:46:01","modified_gmt":"2018-03-11T12:46:01","slug":"buchveroeffentlichung-der-neugierige-kuchen","status":"publish","type":"post","link":"https:\/\/audio-ag.de\/?p=58","title":{"rendered":"Buchver\u00f6ffentlichung &#8211; Der neugierige Kuchen"},"content":{"rendered":"<p>Heute wurde das M\u00e4rchenbuch mit CD &#8222;Der neugierige Kuchen&#8220; im Rahmen des Sparkassenkonzerts in Kamen vom Leiter der St\u00e4dtischen Musikschule Kamen, Alexander Schr\u00f6der offiziell vorgestellt.<\/p>\n","protected":false},"excerpt":{"rendered":"<p>Heute wurde das M\u00e4rchenbuch mit CD &#8222;Der neugierige Kuchen&#8220; im Rahmen des Sparkassenkonzerts in Kamen vom Leiter der St\u00e4dtischen Musikschule Kamen, Alexander Schr\u00f6der offiziell vorgestellt.<\/p>\n","protected":false},"author":1,"featured_media":0,"comment_status":"open","ping_status":"open","sticky":false,"template":"","format":"standard","meta":{"footnotes":""},"categories":[1],"tags":[],"_links":{"self":[{"href":"https:\/\/audio-ag.de\/index.php?rest_route=\/wp\/v2\/posts\/58"}],"collection":[{"href":"https:\/\/audio-ag.de\/index.php?rest_route=\/wp\/v2\/posts"}],"about":[{"href":"https:\/\/audio-ag.de\/index.php?rest_route=\/wp\/v2\/types\/post"}],"author":[{"embeddable":true,"href":"https:\/\/audio-ag.de\/index.php?rest_route=\/wp\/v2\/users\/1"}],"replies":[{"embeddable":true,"href":"https:\/\/audio-ag.de\/index.php?rest_route=%2Fwp%2Fv2%2Fcomments&post=58"}],"version-history":[{"count":1,"href":"https:\/\/audio-ag.de\/index.php?rest_route=\/wp\/v2\/posts\/58\/revisions"}],"predecessor-version":[{"id":59,"href":"https:\/\/audio-ag.de\/index.php?rest_route=\/wp\/v2\/posts\/58\/revisions\/59"}],"wp:attachment":[{"href":"https:\/\/audio-ag.de\/index.php?rest_route=%2Fwp%2Fv2%2Fmedia&parent=58"}],"wp:term":[{"taxonomy":"category","embeddable":true,"href":"https:\/\/audio-ag.de\/index.php?rest_route=%2Fwp%2Fv2%2Fcategories&post=58"},{"taxonomy":"post_tag","embeddable":true,"href":"https:\/\/audio-ag.de\/index.php?rest_route=%2Fwp%2Fv2%2Ftags&post=58"}],"curies":[{"name":"wp","href":"https:\/\/api.w.org\/{rel}","templated":true}]}}