{"id":54,"date":"2018-01-04T16:12:54","date_gmt":"2018-01-04T16:12:54","guid":{"rendered":"http:\/\/audio-ag.de\/?p=54"},"modified":"2018-03-11T12:39:30","modified_gmt":"2018-03-11T12:39:30","slug":"cd-produktion-der-neugierige-kuchen","status":"publish","type":"post","link":"https:\/\/audio-ag.de\/?p=54","title":{"rendered":"CD-Produktion &#8211; Der neugierige Kuchen"},"content":{"rendered":"<p>Im M\u00e4rz 2018 soll ein Buch des M\u00e4rchens &#8222;Der neugierige Kuchen&#8220; mit einer beigelegten CD erscheinen. Darin stellt die St\u00e4dtische Musikschule Kamen Kindern die Instrumente vor, die sie im Unterricht der Musikschule erlernen k\u00f6nnen.<\/p>\n<p>Die Aufnahmen f\u00fcr die CD sind bei audio-ag.de produziert worden. Sie sind jetzt abgemischt und gemastert. Sobald auch das Design f\u00fcr das Cover fertig ist, gehen die Daten zur Vervielf\u00e4ltigung ins Presswerk.<\/p>\n","protected":false},"excerpt":{"rendered":"<p>Im M\u00e4rz 2018 soll ein Buch des M\u00e4rchens &#8222;Der neugierige Kuchen&#8220; mit einer beigelegten CD erscheinen. Darin stellt die St\u00e4dtische Musikschule Kamen Kindern die Instrumente vor, die sie im Unterricht der Musikschule erlernen k\u00f6nnen. Die Aufnahmen f\u00fcr die CD sind bei audio-ag.de produziert worden. Sie sind jetzt abgemischt und gemastert. Sobald auch das Design f\u00fcr <a href=\"https:\/\/audio-ag.de\/?p=54\" class=\"more-link\">&#8230;<\/a><\/p>\n","protected":false},"author":1,"featured_media":0,"comment_status":"open","ping_status":"open","sticky":false,"template":"","format":"standard","meta":{"footnotes":""},"categories":[1],"tags":[],"_links":{"self":[{"href":"https:\/\/audio-ag.de\/index.php?rest_route=\/wp\/v2\/posts\/54"}],"collection":[{"href":"https:\/\/audio-ag.de\/index.php?rest_route=\/wp\/v2\/posts"}],"about":[{"href":"https:\/\/audio-ag.de\/index.php?rest_route=\/wp\/v2\/types\/post"}],"author":[{"embeddable":true,"href":"https:\/\/audio-ag.de\/index.php?rest_route=\/wp\/v2\/users\/1"}],"replies":[{"embeddable":true,"href":"https:\/\/audio-ag.de\/index.php?rest_route=%2Fwp%2Fv2%2Fcomments&post=54"}],"version-history":[{"count":1,"href":"https:\/\/audio-ag.de\/index.php?rest_route=\/wp\/v2\/posts\/54\/revisions"}],"predecessor-version":[{"id":55,"href":"https:\/\/audio-ag.de\/index.php?rest_route=\/wp\/v2\/posts\/54\/revisions\/55"}],"wp:attachment":[{"href":"https:\/\/audio-ag.de\/index.php?rest_route=%2Fwp%2Fv2%2Fmedia&parent=54"}],"wp:term":[{"taxonomy":"category","embeddable":true,"href":"https:\/\/audio-ag.de\/index.php?rest_route=%2Fwp%2Fv2%2Fcategories&post=54"},{"taxonomy":"post_tag","embeddable":true,"href":"https:\/\/audio-ag.de\/index.php?rest_route=%2Fwp%2Fv2%2Ftags&post=54"}],"curies":[{"name":"wp","href":"https:\/\/api.w.org\/{rel}","templated":true}]}}